{"id":1698,"date":"2023-01-24T14:19:35","date_gmt":"2023-01-24T13:19:35","guid":{"rendered":"https:\/\/ysbnbarcelona.org\/2023\/01\/24\/la-iniciativa-somcomunidad-es-seleccionada-en-los-proyectos-singulares-2022\/"},"modified":"2025-10-10T11:42:31","modified_gmt":"2025-10-10T09:42:31","slug":"la-iniciativa-somcomunidad-es-seleccionada-en-los-proyectos-singulares-2022","status":"publish","type":"post","link":"https:\/\/ysbnbarcelona.org\/es\/2023\/01\/24\/la-iniciativa-somcomunidad-es-seleccionada-en-los-proyectos-singulares-2022\/","title":{"rendered":"LA INICIATIVA SOMCOMUNIDAD ES SELECCIONADA EN LOS PROYECTOS SINGULARES 2022!"},"content":{"rendered":"<div class=\"fusion-fullwidth fullwidth-box fusion-builder-row-1 fusion-flex-container has-pattern-background has-mask-background nonhundred-percent-fullwidth non-hundred-percent-height-scrolling\" style=\"--awb-border-radius-top-left:0px;--awb-border-radius-top-right:0px;--awb-border-radius-bottom-right:0px;--awb-border-radius-bottom-left:0px;--awb-flex-wrap:wrap;\" ><div class=\"fusion-builder-row fusion-row fusion-flex-align-items-flex-start fusion-flex-content-wrap\" style=\"max-width:1248px;margin-left: calc(-4% \/ 2 );margin-right: calc(-4% \/ 2 );\"><div class=\"fusion-layout-column fusion_builder_column fusion-builder-column-0 fusion_builder_column_1_1 1_1 fusion-flex-column\" style=\"--awb-bg-size:cover;--awb-width-large:100%;--awb-margin-top-large:0px;--awb-spacing-right-large:1.92%;--awb-margin-bottom-large:20px;--awb-spacing-left-large:1.92%;--awb-width-medium:100%;--awb-order-medium:0;--awb-spacing-right-medium:1.92%;--awb-spacing-left-medium:1.92%;--awb-width-small:100%;--awb-order-small:0;--awb-spacing-right-small:1.92%;--awb-spacing-left-small:1.92%;\"><div class=\"fusion-column-wrapper fusion-column-has-shadow fusion-flex-justify-content-flex-start fusion-content-layout-column\"><div class=\"fusion-text fusion-text-1\"><p><strong>SomComunidad<\/strong> es una aplicaci\u00f3n virtual que naci\u00f3 en 2021 para dar respuesta a los retos de digitalizaci\u00f3n de la acci\u00f3n comunitaria. Se trata de una iniciativa dirigida principalmente a las organizaciones del Tercer Sector y la ESS que implementan pol\u00edticas de desarrollo comunitario \u2013 de cualquier \u00e1mbito \u2013 facilitando la sistematizaci\u00f3n, gesti\u00f3n y la evaluaci\u00f3n a diferentes niveles: en cuanto al proceso, en cuanto a los resultados y en cuanto al impacto que generan a nivel social, econ\u00f3mico y cultural. <\/p>\n<p>En noviembre de 2022, SomComunitat fue seleccionado como proyecto singular de la <a href=\"https:\/\/economiasocial.coop\/projectes-singulars\">convocatoria de 2022<\/a> y recibi\u00f3 la subvenci\u00f3n correspondiente de la Generalidad de Catalu\u00f1a. Los Proyectos Singulares tienen por objetivo generar empleo a trav\u00e9s de la creaci\u00f3n de nuevos proyectos empresariales, nuevas l\u00edneas de negocio, nuevas empresas, nuevos mercados, en el marco de la econom\u00eda social y cooperativa y aprovechando oportunidades estrat\u00e9gicas del propio sector de actividad o del territorio. <\/p>\n<p>Gracias a la inversi\u00f3n adjudicada, podremos seguir desarrollando la aplicaci\u00f3n y sacar adelante con la implementaci\u00f3n de la fase 2 del proyecto, centrada en aportar valor a la generaci\u00f3n, seguimiento y evaluaci\u00f3n de la pol\u00edtica p\u00fablica. Las diferentes administraciones responsables de procesos y acciones comunitarias, podr\u00e1n visualizar el conjunto de su intervenci\u00f3n de forma hol\u00edstica, siendo capaces de: 1) generar indicadores globales y segmentados de la acci\u00f3n comunitaria; 2) identificar buenas pr\u00e1cticas y \u00e1mbitos de mejora comparando entre territorios; 3) evaluar el impacto de la acci\u00f3n comunitaria de la administraci\u00f3n a trav\u00e9s de indicadores macro y micro en relaci\u00f3n al capital social, econ\u00f3mico y cultural.<\/p>\n<\/div><\/div><\/div><\/div><\/div>\n","protected":false},"excerpt":{"rendered":"<p>SomComunidad es una aplicaci\u00f3n virtual que naci\u00f3 en 2021 para dar respuesta a los retos de digitalizaci\u00f3n de la acci\u00f3n comunitaria. Se trata de una iniciativa dirigida principalmente a las organizaciones del Tercer Sector y la ESS que implementan pol\u00edticas de desarrollo comunitario \u2013 de cualquier \u00e1mbito \u2013 facilitando su sistematizaci\u00f3n, gesti\u00f3n y evaluaci\u00f3n a diferentes niveles. <\/p>\n","protected":false},"author":1,"featured_media":1699,"comment_status":"open","ping_status":"open","sticky":false,"template":"","format":"standard","meta":{"_acf_changed":false,"footnotes":""},"categories":[1],"tags":[],"class_list":["post-1698","post","type-post","status-publish","format-standard","has-post-thumbnail","hentry","category-sin-categoria"],"acf":[],"_links":{"self":[{"href":"https:\/\/ysbnbarcelona.org\/es\/wp-json\/wp\/v2\/posts\/1698","targetHints":{"allow":["GET"]}}],"collection":[{"href":"https:\/\/ysbnbarcelona.org\/es\/wp-json\/wp\/v2\/posts"}],"about":[{"href":"https:\/\/ysbnbarcelona.org\/es\/wp-json\/wp\/v2\/types\/post"}],"author":[{"embeddable":true,"href":"https:\/\/ysbnbarcelona.org\/es\/wp-json\/wp\/v2\/users\/1"}],"replies":[{"embeddable":true,"href":"https:\/\/ysbnbarcelona.org\/es\/wp-json\/wp\/v2\/comments?post=1698"}],"version-history":[{"count":2,"href":"https:\/\/ysbnbarcelona.org\/es\/wp-json\/wp\/v2\/posts\/1698\/revisions"}],"predecessor-version":[{"id":1703,"href":"https:\/\/ysbnbarcelona.org\/es\/wp-json\/wp\/v2\/posts\/1698\/revisions\/1703"}],"wp:featuredmedia":[{"embeddable":true,"href":"https:\/\/ysbnbarcelona.org\/es\/wp-json\/wp\/v2\/media\/1699"}],"wp:attachment":[{"href":"https:\/\/ysbnbarcelona.org\/es\/wp-json\/wp\/v2\/media?parent=1698"}],"wp:term":[{"taxonomy":"category","embeddable":true,"href":"https:\/\/ysbnbarcelona.org\/es\/wp-json\/wp\/v2\/categories?post=1698"},{"taxonomy":"post_tag","embeddable":true,"href":"https:\/\/ysbnbarcelona.org\/es\/wp-json\/wp\/v2\/tags?post=1698"}],"curies":[{"name":"wp","href":"https:\/\/api.w.org\/{rel}","templated":true}]}}