{"id":1706,"date":"2019-11-22T09:27:50","date_gmt":"2019-11-22T08:27:50","guid":{"rendered":"https:\/\/ysbnbarcelona.org\/2019\/11\/22\/jueves-28-de-noviembre-buenas-practicas-en-economia-social\/"},"modified":"2025-10-10T11:42:33","modified_gmt":"2025-10-10T09:42:33","slug":"jueves-28-de-noviembre-buenas-practicas-en-economia-social","status":"publish","type":"post","link":"https:\/\/ysbnbarcelona.org\/es\/2019\/11\/22\/jueves-28-de-noviembre-buenas-practicas-en-economia-social\/","title":{"rendered":"JUEVES 28 DE NOVIEMBRE: BUENAS PR\u00c1CTICAS EN ECONOM\u00cdA SOCIAL"},"content":{"rendered":"<div class=\"fusion-fullwidth fullwidth-box fusion-builder-row-1 fusion-flex-container has-pattern-background has-mask-background nonhundred-percent-fullwidth non-hundred-percent-height-scrolling\" style=\"--awb-border-radius-top-left:0px;--awb-border-radius-top-right:0px;--awb-border-radius-bottom-right:0px;--awb-border-radius-bottom-left:0px;--awb-flex-wrap:wrap;\" ><div class=\"fusion-builder-row fusion-row fusion-flex-align-items-flex-start fusion-flex-content-wrap\" style=\"max-width:1248px;margin-left: calc(-4% \/ 2 );margin-right: calc(-4% \/ 2 );\"><div class=\"fusion-layout-column fusion_builder_column fusion-builder-column-0 fusion_builder_column_1_1 1_1 fusion-flex-column\" style=\"--awb-bg-size:cover;--awb-width-large:100%;--awb-margin-top-large:0px;--awb-spacing-right-large:1.92%;--awb-margin-bottom-large:20px;--awb-spacing-left-large:1.92%;--awb-width-medium:100%;--awb-order-medium:0;--awb-spacing-right-medium:1.92%;--awb-spacing-left-medium:1.92%;--awb-width-small:100%;--awb-order-small:0;--awb-spacing-right-small:1.92%;--awb-spacing-left-small:1.92%;\"><div class=\"fusion-column-wrapper fusion-column-has-shadow fusion-flex-justify-content-flex-start fusion-content-layout-column\"><div class=\"fusion-text fusion-text-1\"><p>El jueves 28 de noviembre presentamos en el Auditorio CosmoCaixa una mesa redonda sobre Buenas pr\u00e1cticas en Econom\u00eda Social.<\/p>\n<p>El acto est\u00e1 co-organizado con Diplocat y se celebra bajo el marco de los actos ESER, de la Comisi\u00f3n Europea. Contaremos con la presencia y participaci\u00f3n de un representante de la misma y de un ponente principal, experto en econom\u00eda social del Reino Unido. Desde Social Business City Barcelona, queremos que el acto sirva para ofrecer la visi\u00f3n que se tiene en Europa sobre la econom\u00eda social y sobre el universo de entidades que la conforman. Sin embargo, que sirva de enlace para poner de relieve las pr\u00e1cticas que se hacen en t\u00e9rminos de Econom\u00eda Social en Catalu\u00f1a, gracias a la participaci\u00f3n de entidades sociales referentes al sector.<\/p>\n<p>Puede consultar el programa completo en catal\u00e1n a trav\u00e9s de este <a href=\"https:\/\/sbcbarcelona.org\/wp-content\/uploads\/2019\/11\/191128_ProgramaEconomiaSocial_CA.pdf\">enlace<\/a><\/p>\n<p>Puede consultar el programa completo en ingl\u00e9s a trav\u00e9s de este <a href=\"https:\/\/sbcbarcelona.org\/wp-content\/uploads\/2019\/11\/191128_ProgramaEconomiaSocial_EN.pdf\">enlace<\/a><\/p>\n<p>Las inscripciones al programa se pueden hacer a trav\u00e9s de este <a href=\"https:\/\/forms.gle\/KiS5LSXTZGj3uaTq9\">enlace<\/a><\/p>\n<\/div><\/div><\/div><\/div><\/div>\n","protected":false},"excerpt":{"rendered":"","protected":false},"author":1,"featured_media":1707,"comment_status":"open","ping_status":"open","sticky":false,"template":"","format":"standard","meta":{"_acf_changed":false,"footnotes":""},"categories":[109],"tags":[],"class_list":["post-1706","post","type-post","status-publish","format-standard","has-post-thumbnail","hentry","category-sin-categoria-2"],"acf":[],"_links":{"self":[{"href":"https:\/\/ysbnbarcelona.org\/es\/wp-json\/wp\/v2\/posts\/1706","targetHints":{"allow":["GET"]}}],"collection":[{"href":"https:\/\/ysbnbarcelona.org\/es\/wp-json\/wp\/v2\/posts"}],"about":[{"href":"https:\/\/ysbnbarcelona.org\/es\/wp-json\/wp\/v2\/types\/post"}],"author":[{"embeddable":true,"href":"https:\/\/ysbnbarcelona.org\/es\/wp-json\/wp\/v2\/users\/1"}],"replies":[{"embeddable":true,"href":"https:\/\/ysbnbarcelona.org\/es\/wp-json\/wp\/v2\/comments?post=1706"}],"version-history":[{"count":2,"href":"https:\/\/ysbnbarcelona.org\/es\/wp-json\/wp\/v2\/posts\/1706\/revisions"}],"predecessor-version":[{"id":1710,"href":"https:\/\/ysbnbarcelona.org\/es\/wp-json\/wp\/v2\/posts\/1706\/revisions\/1710"}],"wp:featuredmedia":[{"embeddable":true,"href":"https:\/\/ysbnbarcelona.org\/es\/wp-json\/wp\/v2\/media\/1707"}],"wp:attachment":[{"href":"https:\/\/ysbnbarcelona.org\/es\/wp-json\/wp\/v2\/media?parent=1706"}],"wp:term":[{"taxonomy":"category","embeddable":true,"href":"https:\/\/ysbnbarcelona.org\/es\/wp-json\/wp\/v2\/categories?post=1706"},{"taxonomy":"post_tag","embeddable":true,"href":"https:\/\/ysbnbarcelona.org\/es\/wp-json\/wp\/v2\/tags?post=1706"}],"curies":[{"name":"wp","href":"https:\/\/api.w.org\/{rel}","templated":true}]}}