{"id":1738,"date":"2019-11-06T14:00:38","date_gmt":"2019-11-06T13:00:38","guid":{"rendered":"https:\/\/ysbnbarcelona.org\/2019\/11\/06\/se-incorpora-el-eva-al-equipo-de-social-business-city-gracias-a-garantia-juvenil\/"},"modified":"2025-10-10T11:42:39","modified_gmt":"2025-10-10T09:42:39","slug":"se-incorpora-el-eva-al-equipo-de-social-business-city-gracias-a-garantia-juvenil","status":"publish","type":"post","link":"https:\/\/ysbnbarcelona.org\/es\/2019\/11\/06\/se-incorpora-el-eva-al-equipo-de-social-business-city-gracias-a-garantia-juvenil\/","title":{"rendered":"SE INCORPORA EL EVA AL EQUIPO DE SOCIAL BUSINESS CITY GRACIAS A GARANT\u00cdA JUVENIL"},"content":{"rendered":"<div class=\"fusion-fullwidth fullwidth-box fusion-builder-row-1 fusion-flex-container has-pattern-background has-mask-background nonhundred-percent-fullwidth non-hundred-percent-height-scrolling\" style=\"--awb-border-radius-top-left:0px;--awb-border-radius-top-right:0px;--awb-border-radius-bottom-right:0px;--awb-border-radius-bottom-left:0px;--awb-flex-wrap:wrap;\" ><div class=\"fusion-builder-row fusion-row fusion-flex-align-items-flex-start fusion-flex-content-wrap\" style=\"max-width:1248px;margin-left: calc(-4% \/ 2 );margin-right: calc(-4% \/ 2 );\"><div class=\"fusion-layout-column fusion_builder_column fusion-builder-column-0 fusion_builder_column_1_1 1_1 fusion-flex-column\" style=\"--awb-bg-size:cover;--awb-width-large:100%;--awb-margin-top-large:0px;--awb-spacing-right-large:1.92%;--awb-margin-bottom-large:20px;--awb-spacing-left-large:1.92%;--awb-width-medium:100%;--awb-order-medium:0;--awb-spacing-right-medium:1.92%;--awb-spacing-left-medium:1.92%;--awb-width-small:100%;--awb-order-small:0;--awb-spacing-right-small:1.92%;--awb-spacing-left-small:1.92%;\"><div class=\"fusion-column-wrapper fusion-column-has-shadow fusion-flex-justify-content-flex-start fusion-content-layout-column\"><div class=\"fusion-text fusion-text-1\"><p>El equipo de Social Business City Barcelona ha crecido recientemente con la incorporaci\u00f3n del Eva gracias al <a href=\"http:\/\/garantiajuvenil.gencat.cat\/\">Programa de Garant\u00eda Juvenil<\/a>, una <strong>iniciativa europea que facilita el acceso al mercado de trabajo<\/strong> a j\u00f3venes menores de treinta a\u00f1os.<\/p>\n<p>El programa de Garant\u00eda Juvenil vela por mejorar la <strong>empleabilidad de los j\u00f3venes<\/strong> con posesi\u00f3n de un t\u00edtulo universitario, de formaci\u00f3n profesional de grado medio o superior o certificado de profesionalidad para posibilitar su incorporaci\u00f3n al mercado laboral de forma estable.<\/p>\n<p>La Eva es graduada en Econom\u00eda por la Universidad Pompeu Fabra de Barcelona y, despu\u00e9s de estar unos meses viajando por Asia, ha decidido volver a Barcelona y adentrarse en el mundo de la <strong>Econom\u00eda Social y Solidaria<\/strong>! En el Social Business City llevar\u00e1 la parte de comunicaci\u00f3n corporativa y apoyar\u00e1 las tareas de exploraci\u00f3n de programas europeos y elaboraci\u00f3n de proyectos t\u00e9cnicos.<\/p>\n<p>\u00a1Bienvenida al equipo, Eva!<\/p>\n<\/div><\/div><\/div><\/div><\/div>\n","protected":false},"excerpt":{"rendered":"","protected":false},"author":1,"featured_media":1739,"comment_status":"open","ping_status":"open","sticky":false,"template":"","format":"standard","meta":{"_acf_changed":false,"footnotes":""},"categories":[113,1],"tags":[114,115],"class_list":["post-1738","post","type-post","status-publish","format-standard","has-post-thumbnail","hentry","category-business","category-sin-categoria","tag-insercion","tag-juventud"],"acf":[],"_links":{"self":[{"href":"https:\/\/ysbnbarcelona.org\/es\/wp-json\/wp\/v2\/posts\/1738","targetHints":{"allow":["GET"]}}],"collection":[{"href":"https:\/\/ysbnbarcelona.org\/es\/wp-json\/wp\/v2\/posts"}],"about":[{"href":"https:\/\/ysbnbarcelona.org\/es\/wp-json\/wp\/v2\/types\/post"}],"author":[{"embeddable":true,"href":"https:\/\/ysbnbarcelona.org\/es\/wp-json\/wp\/v2\/users\/1"}],"replies":[{"embeddable":true,"href":"https:\/\/ysbnbarcelona.org\/es\/wp-json\/wp\/v2\/comments?post=1738"}],"version-history":[{"count":2,"href":"https:\/\/ysbnbarcelona.org\/es\/wp-json\/wp\/v2\/posts\/1738\/revisions"}],"predecessor-version":[{"id":1741,"href":"https:\/\/ysbnbarcelona.org\/es\/wp-json\/wp\/v2\/posts\/1738\/revisions\/1741"}],"wp:featuredmedia":[{"embeddable":true,"href":"https:\/\/ysbnbarcelona.org\/es\/wp-json\/wp\/v2\/media\/1739"}],"wp:attachment":[{"href":"https:\/\/ysbnbarcelona.org\/es\/wp-json\/wp\/v2\/media?parent=1738"}],"wp:term":[{"taxonomy":"category","embeddable":true,"href":"https:\/\/ysbnbarcelona.org\/es\/wp-json\/wp\/v2\/categories?post=1738"},{"taxonomy":"post_tag","embeddable":true,"href":"https:\/\/ysbnbarcelona.org\/es\/wp-json\/wp\/v2\/tags?post=1738"}],"curies":[{"name":"wp","href":"https:\/\/api.w.org\/{rel}","templated":true}]}}