{"id":2008,"date":"2019-12-13T13:07:20","date_gmt":"2019-12-13T12:07:20","guid":{"rendered":"https:\/\/ysbnbarcelona.org\/2019\/12\/13\/practicas-por-una-navidad-responsable\/"},"modified":"2025-10-10T11:43:57","modified_gmt":"2025-10-10T09:43:57","slug":"practicas-por-una-navidad-responsable","status":"publish","type":"post","link":"https:\/\/ysbnbarcelona.org\/es\/2019\/12\/13\/practicas-por-una-navidad-responsable\/","title":{"rendered":"PR\u00c1CTICAS POR UNA NAVIDAD RESPONSABLE"},"content":{"rendered":"<div class=\"fusion-fullwidth fullwidth-box fusion-builder-row-1 fusion-flex-container has-pattern-background has-mask-background nonhundred-percent-fullwidth non-hundred-percent-height-scrolling\" style=\"--awb-border-radius-top-left:0px;--awb-border-radius-top-right:0px;--awb-border-radius-bottom-right:0px;--awb-border-radius-bottom-left:0px;--awb-flex-wrap:wrap;\" ><div class=\"fusion-builder-row fusion-row fusion-flex-align-items-flex-start fusion-flex-content-wrap\" style=\"max-width:1248px;margin-left: calc(-4% \/ 2 );margin-right: calc(-4% \/ 2 );\"><div class=\"fusion-layout-column fusion_builder_column fusion-builder-column-0 fusion_builder_column_1_1 1_1 fusion-flex-column\" style=\"--awb-bg-size:cover;--awb-width-large:100%;--awb-margin-top-large:0px;--awb-spacing-right-large:1.92%;--awb-margin-bottom-large:20px;--awb-spacing-left-large:1.92%;--awb-width-medium:100%;--awb-order-medium:0;--awb-spacing-right-medium:1.92%;--awb-spacing-left-medium:1.92%;--awb-width-small:100%;--awb-order-small:0;--awb-spacing-right-small:1.92%;--awb-spacing-left-small:1.92%;\"><div class=\"fusion-column-wrapper fusion-column-has-shadow fusion-flex-justify-content-flex-start fusion-content-layout-column\"><div class=\"fusion-text fusion-text-1\"><p>Las fiestas de la navidad son, posiblemente, las festividades m\u00e1s dedicadas al consumo en todos los territorios occidentales. Es importante pues, tener en cuenta los valores del consumo responsable y ser conscientes con las pr\u00e1cticas que realizamos durante estos d\u00edas.<\/p>\n<p>Desde <strong>Social Business City Barcelona<\/strong>, queremos recomendar algunas de las pr\u00e1cticas sociales, solidarias y sostenibles para promover un consumo responsable durante las pr\u00f3ximas semanas:<\/p>\n<h2>\u00a1HAZ CONSUMO RESPONSABLE!<\/h2>\n<p>Aseg\u00farate de que el m\u00e1ximo de cosas que tengas que comprar sean productos respetuosos con el medio ambiente y las personas. Con el mapa de <a href=\"https:\/\/pamapam.org\/ca\/\">https:\/\/pamapam.org\/ca\/<\/a> podr\u00e1s consultar en el mapa todas aquellas iniciativas de consumo que tienen que ver con una econom\u00eda m\u00e1s justa.<\/p>\n<p>A la hora de comprar, ten presente las tiendas de barrio el comercio de proximidad, y recuerda los valores principales del consumo responsable:<\/p>\n<ul>\n<li>Sostenible<\/li>\n<li>De proximidad<\/li>\n<li>\u00c9tico y solidario<\/li>\n<\/ul>\n<h2>REGALOS INNOVADORES: REGALA EXPERIENCIAS<\/h2>\n<p>No es necesario que todos los regalos sean materiales, puedes regalar experiencias y ser m\u00e1s original.<\/p>\n<p>Tambi\u00e9n puedes re-utilizar regalos o fabricarlo t\u00fa mismo, de esta manera te asegurar\u00e1s de que sean objetos \u00fanicos y personalizados.<\/p>\n<p>Con la re-utilizaci\u00f3n de regalos no solo est\u00e1s dando salida a un objeto que no se utilizaba sino que disminuyes tu consumo.<\/p>\n<p>Ten en cuenta tambi\u00e9n que no hace falta hacer regalos teniendo en cuenta la cantidad, sobre todo con los m\u00e1s peque\u00f1os, sino que se debe dar importancia a otros \u00edtems sin caer en el h\u00edper consumo.<\/p>\n<p>Para renovar tus juguetes, visita la p\u00e1gina: <a href=\"https:\/\/bit.ly\/2ORTpZn\">https:\/\/bit.ly\/2ORTpZn<\/a><\/p>\n<h2>MINIMIZA TUS RESIDUOS<\/h2>\n<p>Aparte de reciclar, algunas de las otras pr\u00e1cticas que puedes empezar a utilizar durante esta navidad son las de envolver regalos con telas o con papel que pueda ser reciclable posteriormente.<\/p>\n<h2>MU\u00c9VETE EN TRANSPORTE P\u00daBLICO O BICICLETA<\/h2>\n<p>La mayor parte de los festivos se acostumbra a aglomerar gran parte de la poblaci\u00f3n en ciudades grandes y alrededor de los grandes centros de consumo. Para evitar estas grasas aglomeraciones y contaminar lo m\u00ednimo posible, se recomienda la utilizaci\u00f3n del transporte p\u00fablico u otros medios de transporte sostenibles para distancias m\u00e1s cortas: Bicicleta o a pie.<\/p>\n<h2>SIGUES SOLIDARIO<\/h2>\n<p>Aprovecha para tener en consideraci\u00f3n a otros colectivos menos privilegiados y vinculate con aquellas causas que m\u00e1s te identifiques.<\/p>\n<p>El 15 de Diciembre se realiza en el Caminata de la Navidad Solitaria en Barcelona. <a href=\"https:\/\/www.barcelona.cat\/ca\/nadal\/activitats\/detall\/caminada-de-nadal-solidaria_99400013467.html\">https:\/\/www.barcelona.cat\/ca\/nadal\/activitats\/detall\/caminada-de-nadal-solidaria_99400013467.html<\/a>), donde se realiza una ruta de 11 kil\u00f3metros por los barrios de El G\u00f3tico, de Sant Antoni y L&#8217;Eixample y que concluye con la recogida de alimentos de C\u00e1ritas.<\/p>\n<\/div><div class=\"fusion-image-element \" style=\"text-align:center;--awb-caption-title-font-family:var(--h2_typography-font-family);--awb-caption-title-font-weight:var(--h2_typography-font-weight);--awb-caption-title-font-style:var(--h2_typography-font-style);--awb-caption-title-size:var(--h2_typography-font-size);--awb-caption-title-transform:var(--h2_typography-text-transform);--awb-caption-title-line-height:var(--h2_typography-line-height);--awb-caption-title-letter-spacing:var(--h2_typography-letter-spacing);\"><span class=\" fusion-imageframe imageframe-none imageframe-1 hover-type-none\"><img decoding=\"async\" width=\"800\" height=\"2000\" title=\"Red-Gray-Steps-to-Bicycle-Safety-Infographic\" src=\"https:\/\/ysbnbarcelona.org\/wp-content\/uploads\/2024\/05\/Red-Gray-Steps-to-Bicycle-Safety-Infographic.jpg\" data-orig-src=\"https:\/\/ysbnbarcelona.org\/wp-content\/uploads\/2024\/05\/Red-Gray-Steps-to-Bicycle-Safety-Infographic.jpg\" alt class=\"lazyload img-responsive wp-image-2009\" srcset=\"data:image\/svg+xml,%3Csvg%20xmlns%3D%27http%3A%2F%2Fwww.w3.org%2F2000%2Fsvg%27%20width%3D%27800%27%20height%3D%272000%27%20viewBox%3D%270%200%20800%202000%27%3E%3Crect%20width%3D%27800%27%20height%3D%272000%27%20fill-opacity%3D%220%22%2F%3E%3C%2Fsvg%3E\" data-srcset=\"https:\/\/ysbnbarcelona.org\/wp-content\/uploads\/2024\/05\/Red-Gray-Steps-to-Bicycle-Safety-Infographic-200x500.jpg 200w, https:\/\/ysbnbarcelona.org\/wp-content\/uploads\/2024\/05\/Red-Gray-Steps-to-Bicycle-Safety-Infographic-400x1000.jpg 400w, https:\/\/ysbnbarcelona.org\/wp-content\/uploads\/2024\/05\/Red-Gray-Steps-to-Bicycle-Safety-Infographic-600x1500.jpg 600w, https:\/\/ysbnbarcelona.org\/wp-content\/uploads\/2024\/05\/Red-Gray-Steps-to-Bicycle-Safety-Infographic.jpg 800w\" data-sizes=\"auto\" data-orig-sizes=\"(max-width: 640px) 100vw, 800px\" \/><\/span><\/div><\/div><\/div><\/div><\/div>\n","protected":false},"excerpt":{"rendered":"","protected":false},"author":1,"featured_media":2010,"comment_status":"open","ping_status":"open","sticky":false,"template":"","format":"standard","meta":{"_acf_changed":false,"footnotes":""},"categories":[109],"tags":[],"class_list":["post-2008","post","type-post","status-publish","format-standard","has-post-thumbnail","hentry","category-sin-categoria-2"],"acf":[],"_links":{"self":[{"href":"https:\/\/ysbnbarcelona.org\/es\/wp-json\/wp\/v2\/posts\/2008","targetHints":{"allow":["GET"]}}],"collection":[{"href":"https:\/\/ysbnbarcelona.org\/es\/wp-json\/wp\/v2\/posts"}],"about":[{"href":"https:\/\/ysbnbarcelona.org\/es\/wp-json\/wp\/v2\/types\/post"}],"author":[{"embeddable":true,"href":"https:\/\/ysbnbarcelona.org\/es\/wp-json\/wp\/v2\/users\/1"}],"replies":[{"embeddable":true,"href":"https:\/\/ysbnbarcelona.org\/es\/wp-json\/wp\/v2\/comments?post=2008"}],"version-history":[{"count":7,"href":"https:\/\/ysbnbarcelona.org\/es\/wp-json\/wp\/v2\/posts\/2008\/revisions"}],"predecessor-version":[{"id":2027,"href":"https:\/\/ysbnbarcelona.org\/es\/wp-json\/wp\/v2\/posts\/2008\/revisions\/2027"}],"wp:featuredmedia":[{"embeddable":true,"href":"https:\/\/ysbnbarcelona.org\/es\/wp-json\/wp\/v2\/media\/2010"}],"wp:attachment":[{"href":"https:\/\/ysbnbarcelona.org\/es\/wp-json\/wp\/v2\/media?parent=2008"}],"wp:term":[{"taxonomy":"category","embeddable":true,"href":"https:\/\/ysbnbarcelona.org\/es\/wp-json\/wp\/v2\/categories?post=2008"},{"taxonomy":"post_tag","embeddable":true,"href":"https:\/\/ysbnbarcelona.org\/es\/wp-json\/wp\/v2\/tags?post=2008"}],"curies":[{"name":"wp","href":"https:\/\/api.w.org\/{rel}","templated":true}]}}