{"id":2020,"date":"2021-05-28T11:51:42","date_gmt":"2021-05-28T09:51:42","guid":{"rendered":"https:\/\/ysbnbarcelona.org\/2021\/05\/28\/intermediajob-publicara-ofertas-de-practicas-universitarias-de-empresas-sociales-para-acercar-el-mundo-universitario-y-la-ess\/"},"modified":"2025-10-10T11:43:57","modified_gmt":"2025-10-10T09:43:57","slug":"intermediajob-publicara-ofertas-de-practicas-universitarias-de-empresas-sociales-para-acercar-el-mundo-universitario-y-la-ess","status":"publish","type":"post","link":"https:\/\/ysbnbarcelona.org\/es\/2021\/05\/28\/intermediajob-publicara-ofertas-de-practicas-universitarias-de-empresas-sociales-para-acercar-el-mundo-universitario-y-la-ess\/","title":{"rendered":"INTERMEDIAJOB PUBLICAR\u00c1 OFERTAS DE PR\u00c1CTICAS UNIVERSITARIAS DE EMPRESAS SOCIALES PARA ACERCAR EL MUNDO UNIVERSITARIO Y LA ESS"},"content":{"rendered":"<div class=\"fusion-fullwidth fullwidth-box fusion-builder-row-1 fusion-flex-container has-pattern-background has-mask-background nonhundred-percent-fullwidth non-hundred-percent-height-scrolling\" style=\"--awb-border-radius-top-left:0px;--awb-border-radius-top-right:0px;--awb-border-radius-bottom-right:0px;--awb-border-radius-bottom-left:0px;--awb-flex-wrap:wrap;\" ><div class=\"fusion-builder-row fusion-row fusion-flex-align-items-flex-start fusion-flex-content-wrap\" style=\"max-width:1248px;margin-left: calc(-4% \/ 2 );margin-right: calc(-4% \/ 2 );\"><div class=\"fusion-layout-column fusion_builder_column fusion-builder-column-0 fusion_builder_column_1_1 1_1 fusion-flex-column\" style=\"--awb-bg-size:cover;--awb-width-large:100%;--awb-margin-top-large:0px;--awb-spacing-right-large:1.92%;--awb-margin-bottom-large:20px;--awb-spacing-left-large:1.92%;--awb-width-medium:100%;--awb-order-medium:0;--awb-spacing-right-medium:1.92%;--awb-spacing-left-medium:1.92%;--awb-width-small:100%;--awb-order-small:0;--awb-spacing-right-small:1.92%;--awb-spacing-left-small:1.92%;\"><div class=\"fusion-column-wrapper fusion-column-has-shadow fusion-flex-justify-content-flex-start fusion-content-layout-column\"><div class=\"fusion-text fusion-text-1\"><p>Fundaci\u00f3n Intermedia pone en marcha un nuevo proyecto en colaboraci\u00f3n con la asociaci\u00f3n Social Business City Barcelona (SBC), <strong>Conecta tu talento con la ESS,<\/strong> destinado a acercar el mundo universitario y las entidades y empresas de la Econom\u00eda Social. El objetivo es fomentar la innovaci\u00f3n socioecon\u00f3mica en la econom\u00eda social ofreciendo a los y las j\u00f3venes la posibilidad de acceder a un primer empleo laboral y, a las empresas sociales, soluciones innovadoras a los retos que se les presentan. <\/p>\n<p>La plataforma intermediajob.com es el punto de encuentro que har\u00e1 de nexo entre las empresas sociales, que podr\u00e1n publicar ofertas de pr\u00e1cticas universitarias de forma gratuita, y los y las estudiantes, que pueden inscribirse en las ofertas que les interese para ampliar conocimientos y experiencia en su \u00e1rea de formaci\u00f3n.<\/p>\n<p>Dentro de la plataforma IntermediaJOB, las ofertas de pr\u00e1cticas universitarias estar\u00e1n claramente identificadas para que no se confundan con ofertas laborales propiamente.<\/p>\n<p>La iniciativa favorecer\u00e1 una mejor identificaci\u00f3n y conocimiento sobre el tejido de las entidades del mundo social y de los retos a los que se enfrentan, generando relaci\u00f3n entre la universidad \u2013 empresa social\/econom\u00eda social\/tercer sector, como facilitador de nuevas iniciativas.<\/p>\n<p><strong>Conecta tu talento con la ESS<\/strong> tendr\u00e1 un impacto directo en el colectivo de j\u00f3venes, un colectivo que a menudo tiene dificultades para encontrar una salida laboral al finalizar la carrera (entrando en paro o precariedad laboral) y que, por otra parte, en general, no conoce lo suficiente el sector de la econom\u00eda social y la empresa social y por lo tanto no lo considera como salida profesional.<\/p>\n<p>Adem\u00e1s, el proyecto pretende impactar en el sector de la econom\u00eda social, empresa social y tercer sector, sectores que se encuentran faltos de recursos humanos especializados en empresa, finanzas o marketing y que est\u00e1 altamente interesado en atraer estos perfiles.<\/p>\n<p>Encarna Serrano, directora de IntermediaJOB y directora de Operaciones de Fundaci\u00f3n Intermedia, habla del impacto y explica: \u00abCon este proyecto esperamos llegar en este primer a\u00f1o a unas 30 entidades y empresas ofertantes y m\u00e1s de 50 alumnos candidatos\/as que quieran optar a estas ofertas\u00bb.<\/p>\n<p>\u00abEsperamos que el proyecto de pr\u00e1cticas universitarias <strong>Conecta tu Talento con la ESS<\/strong> estimule la contrataci\u00f3n de personas j\u00f3venes en empresas de la econom\u00eda social, lo que fomentar\u00e1 la innovaci\u00f3n socioecon\u00f3mica y la econom\u00eda social y solidaria al acercar nuevo talento y con nuevas ideas a este sector. Se trata de necesidades altamente complementarias, estrat\u00e9gicamente hablando. No s\u00f3lo ofrecer\u00e1 posibilidades a la juventud de acceder a un primer empleo laboral, sino tambi\u00e9n permitir\u00e1 que las entidades reciban soluciones innovadoras a los retos que se les presenta\u00bb, argumenta Encarna Serrano.<\/p>\n<\/div><div class=\"fusion-video fusion-youtube\" style=\"--awb-max-width:600px;--awb-max-height:360px;--awb-align-self:center;--awb-width:100%;\"><div class=\"video-shortcode\"><div class=\"fluid-width-video-wrapper\" style=\"padding-top:60%;\" ><iframe title=\"YouTube video player 1\" src=\"https:\/\/www.youtube.com\/embed\/o9ydBURrCQk?wmode=transparent&autoplay=0\" width=\"600\" height=\"360\" allowfullscreen allow=\"autoplay; fullscreen\"><\/iframe><\/div><\/div><\/div><\/div><\/div><\/div><\/div>\n","protected":false},"excerpt":{"rendered":"","protected":false},"author":1,"featured_media":2021,"comment_status":"open","ping_status":"open","sticky":false,"template":"","format":"standard","meta":{"_acf_changed":false,"footnotes":""},"categories":[109],"tags":[],"class_list":["post-2020","post","type-post","status-publish","format-standard","has-post-thumbnail","hentry","category-sin-categoria-2"],"acf":[],"_links":{"self":[{"href":"https:\/\/ysbnbarcelona.org\/es\/wp-json\/wp\/v2\/posts\/2020","targetHints":{"allow":["GET"]}}],"collection":[{"href":"https:\/\/ysbnbarcelona.org\/es\/wp-json\/wp\/v2\/posts"}],"about":[{"href":"https:\/\/ysbnbarcelona.org\/es\/wp-json\/wp\/v2\/types\/post"}],"author":[{"embeddable":true,"href":"https:\/\/ysbnbarcelona.org\/es\/wp-json\/wp\/v2\/users\/1"}],"replies":[{"embeddable":true,"href":"https:\/\/ysbnbarcelona.org\/es\/wp-json\/wp\/v2\/comments?post=2020"}],"version-history":[{"count":1,"href":"https:\/\/ysbnbarcelona.org\/es\/wp-json\/wp\/v2\/posts\/2020\/revisions"}],"predecessor-version":[{"id":2026,"href":"https:\/\/ysbnbarcelona.org\/es\/wp-json\/wp\/v2\/posts\/2020\/revisions\/2026"}],"wp:featuredmedia":[{"embeddable":true,"href":"https:\/\/ysbnbarcelona.org\/es\/wp-json\/wp\/v2\/media\/2021"}],"wp:attachment":[{"href":"https:\/\/ysbnbarcelona.org\/es\/wp-json\/wp\/v2\/media?parent=2020"}],"wp:term":[{"taxonomy":"category","embeddable":true,"href":"https:\/\/ysbnbarcelona.org\/es\/wp-json\/wp\/v2\/categories?post=2020"},{"taxonomy":"post_tag","embeddable":true,"href":"https:\/\/ysbnbarcelona.org\/es\/wp-json\/wp\/v2\/tags?post=2020"}],"curies":[{"name":"wp","href":"https:\/\/api.w.org\/{rel}","templated":true}]}}